{"id":14,"date":"2025-04-05T19:35:07","date_gmt":"2025-04-05T19:35:07","guid":{"rendered":"https:\/\/www.oscarvarela.com\/index.php\/sample-page\/?p=14"},"modified":"2025-04-05T19:44:10","modified_gmt":"2025-04-05T19:44:10","slug":"poemas-de-oscar-varela-yo-buscaba-y-encontre-esto","status":"publish","type":"post","link":"https:\/\/www.oscarvarela.com\/index.php\/2025\/04\/05\/poemas-de-oscar-varela-yo-buscaba-y-encontre-esto\/","title":{"rendered":"Poemas de \u00d3scar Varela- Yo Buscaba y encontr\u00e9 esto"},"content":{"rendered":"<div class=\"wp-block-group has-global-padding is-layout-constrained wp-block-group-is-layout-constrained\">\n<h1 class=\"has-text-align-center wp-block-post-title\"><\/h1>\n<div class=\"wp-block-spacer\" aria-hidden=\"true\"><\/div>\n<figure class=\"wp-block-post-featured-image\"><img loading=\"lazy\" decoding=\"async\" class=\"attachment-post-thumbnail size-post-thumbnail wp-post-image\" src=\"https:\/\/www.oscarvarela.com\/wp-content\/uploads\/2025\/04\/yobuscabayencontreesto.jpg\" sizes=\"auto, (max-width: 1047px) 100vw, 1047px\" srcset=\"https:\/\/www.oscarvarela.com\/wp-content\/uploads\/2025\/04\/yobuscabayencontreesto.jpg 1047w, https:\/\/www.oscarvarela.com\/wp-content\/uploads\/2025\/04\/yobuscabayencontreesto-300x300.jpg 300w, https:\/\/www.oscarvarela.com\/wp-content\/uploads\/2025\/04\/yobuscabayencontreesto-1024x1024.jpg 1024w, https:\/\/www.oscarvarela.com\/wp-content\/uploads\/2025\/04\/yobuscabayencontreesto-150x150.jpg 150w, https:\/\/www.oscarvarela.com\/wp-content\/uploads\/2025\/04\/yobuscabayencontreesto-768x767.jpg 768w\" alt=\"\" width=\"1047\" height=\"1046\" \/><\/figure>\n<\/div>\n<div class=\"entry-content wp-block-post-content has-global-padding is-layout-constrained wp-block-post-content-is-layout-constrained\">\n<p>\u00a0Con su primer poemario \u00d3scar Varela nos muestra una potente visi\u00f3n de su mundo interior, desplegando un ritmo y sensibilidad maravillosos, no exento de fuerza y car\u00e1cter.<\/p>\n<p>Pedidos al autor.<\/p>\n<\/div>\n","protected":false},"excerpt":{"rendered":"<p>\u00a0Con su primer poemario \u00d3scar Varela nos muestra una potente visi\u00f3n de su mundo interior, desplegando un ritmo y sensibilidad maravillosos, no exento de fuerza y car\u00e1cter. Pedidos al autor.<\/p>\n","protected":false},"author":1,"featured_media":9,"comment_status":"closed","ping_status":"closed","sticky":false,"template":"","format":"standard","meta":{"footnotes":""},"categories":[3],"tags":[],"class_list":["post-14","post","type-post","status-publish","format-standard","has-post-thumbnail","hentry","category-poemarios"],"_links":{"self":[{"href":"https:\/\/www.oscarvarela.com\/index.php\/wp-json\/wp\/v2\/posts\/14","targetHints":{"allow":["GET"]}}],"collection":[{"href":"https:\/\/www.oscarvarela.com\/index.php\/wp-json\/wp\/v2\/posts"}],"about":[{"href":"https:\/\/www.oscarvarela.com\/index.php\/wp-json\/wp\/v2\/types\/post"}],"author":[{"embeddable":true,"href":"https:\/\/www.oscarvarela.com\/index.php\/wp-json\/wp\/v2\/users\/1"}],"replies":[{"embeddable":true,"href":"https:\/\/www.oscarvarela.com\/index.php\/wp-json\/wp\/v2\/comments?post=14"}],"version-history":[{"count":1,"href":"https:\/\/www.oscarvarela.com\/index.php\/wp-json\/wp\/v2\/posts\/14\/revisions"}],"predecessor-version":[{"id":15,"href":"https:\/\/www.oscarvarela.com\/index.php\/wp-json\/wp\/v2\/posts\/14\/revisions\/15"}],"wp:featuredmedia":[{"embeddable":true,"href":"https:\/\/www.oscarvarela.com\/index.php\/wp-json\/wp\/v2\/media\/9"}],"wp:attachment":[{"href":"https:\/\/www.oscarvarela.com\/index.php\/wp-json\/wp\/v2\/media?parent=14"}],"wp:term":[{"taxonomy":"category","embeddable":true,"href":"https:\/\/www.oscarvarela.com\/index.php\/wp-json\/wp\/v2\/categories?post=14"},{"taxonomy":"post_tag","embeddable":true,"href":"https:\/\/www.oscarvarela.com\/index.php\/wp-json\/wp\/v2\/tags?post=14"}],"curies":[{"name":"wp","href":"https:\/\/api.w.org\/{rel}","templated":true}]}}